{"id":2042,"date":"2013-09-20T14:20:30","date_gmt":"2013-09-20T14:20:30","guid":{"rendered":"http:\/\/www.ensemblecymru.co.uk\/?p=2042"},"modified":"2021-10-19T12:47:56","modified_gmt":"2021-10-19T12:47:56","slug":"return-of-the-clarinettist","status":"publish","type":"post","link":"https:\/\/ensemble.cymru\/cy\/2013\/09\/return-of-the-clarinettist\/","title":{"rendered":"Return of the clarinettist! Clarinetydd yn dychwelyd!"},"content":{"rendered":"<p><!--:en--><\/p>\n<p style=\"text-align: left;\">My clarinet may very well have been packed away in its case since my A Level days but I&#8217;m back, not only in Wales, but back working with Ensemble Cymru having been lured by their instrumental ways ten years ago.<\/p>\n<p style=\"text-align: left;\">As one of the \u2018Liverpool Welsh\u2019 (we\u2019re gradually taking over the company!) I moved to Anglesey at the age of five. After attending both Benllech and Syr Thomas Jones, Amlwch schools, I went on to do a degree at Bangor University in Theatre and Media Studies, also studying modules within the School of Music. It&#8217;s an interesting feeling being around the university again and as a member of staff this time. Those fresher students will be arriving soon- that&#8217;ll make me feel old!<\/p>\n<p>My first experience of Ensemble Cymru was during my 6<sup>th<\/sup> form days when Peryn and the team came to our school to do some composition workshops. I remember as though it was yesterday, how influential these wonderful musicians were in pushing the boundaries of my compositions! I also recall how very brave they were agreeing to perfom my crazy piece of music which I titled &#8216;Expect the unexpected&#8217;, a piece I\u2019d composed following their very own advice, being; that you don\u2019t always have to present musicians with notes on a stave- that they\u2019ll understand the odd &#8216;sguiggle&#8217;, and that\u00a0 piano can produce \u2018musical\u2019 sounds without the need to use the black and white keys. It was an unforgettable experience and one of the main reasons I wanted to work here.<\/p>\n<p>After a period of working with television companies in Cardiff and Caernarfon, I moved to London to gain a bit of life experience. I&#8217;ve been very fortunate to have gained a wealth of experience within a variety of roles at major PR and broadcasting houses as well as delivering and promoting Play &amp; Music classes to pre-schoolers accross the UK.<\/p>\n<p>My first week as the new Marketing and Engagement Officer is drawing to a close and I live to tell the tale! I\u2019m very much looking forward to working on the many exciting projects in our calendar as well as working with the wonderful people within the Ensemble, friends and contacts too. Who knows, I may even dust off the old Clarinet and get playing again!<\/p>\n<p>Looking forward to meeting you in the near future. You&#8217;ll be sure to see me at our coffee concerts over the coming season so please do come and say hello.<\/p>\n<p>Please feel free to contact me at any time ann&#8217;at&#8217;ensemblecymru.co.uk (replace at with @)<\/p>\n<p><!--:--><!--:CY-->Falle&#8217;n wir fod fy nghlarined wedi&#8217;i gadw yn ei g\u00eas ers fy nyddiau Lefel A, ond, dwi n\u00f4l! Nid yn unig yng Nghymru, ond yn \u00f4l yn gweithio gydag Ensemble Cymru unwaith eto wedi imi gael blas ar y gwaith arbennig mae&#8217;n nhw&#8217;n ei wneud dros ddeg mlynedd yn \u00f4l! Rwy\u2019n un o Gymry Lerpwl yn wreiddiol (&#8216;da ni&#8217;n ara&#8217; deg yn cymryd drosodd y cwmni!) a des i fyw i Sir F\u00f4n yn bump oed. Es i ysgolion Benllech a Syr Thomas Jones, Amlwch, cyn mynd ymlaen i wneud gradd ym Mhrifysgol Bangor mewn Astudiaethau Theatr a\u2019r Cyfryngau ac ambell i fodiwl o fewn yr ysgol Cerddoriaeth ym Mangor hefyd.<\/p>\n<p>Mae&#8217;n deimlad ddiddorol bod o gwmpas y brifysgol unwaith eto, fel aelod o staff y tro hwn. Bydd myfyrwyr y glas yn cyrraedd cyn bo hir- fydd hynny YN gwneud i mi deimlo&#8217;n hen! Ges i flas cyntaf ar waith Ensemble Cymru yn ysod fy nyddiau 6ed dosbarth pan ddaeth Peryn a&#8217;r criw i&#8217;r ysgol i rhoi hyfforddiant cyfansoddi i ni. Rwy&#8217;n cofio fel ddoe mai cerddorion dewr iawn oedd rhain, yn ddigon parod i berfformio fy nghyfansoddiad gwallgof; wedi imi ddysgu ganddyn nhw nad oedd rhaid cyflwyno nodau ar bapur i gerddorion- eu bod nhw&#8217;n deall &#8216;sguiggles&#8217; yn iawn, a bod piano yn gallu gwneud s\u0175n heb fod angen defnyddio yr allweddi du a gwyn. Pwy fyddai&#8217;n meddwl! Wedi cyfnod o weithio gyda cwmniau teledu yng Nghaerdydd a Chaernarfon es i fyw i Lundain i fagu bach o brofiad bywyd. Fues i&#8217;n ffodus iawn o gyfleoedd gwaith arbennig o amrywiol gyda chwmniau PR a darlledwyr ynghyd a marchnata a chyflwyno gwersi &#8216;Play &amp; Music&#8217; i blant methrin ar hyd yr DU.<\/p>\n<p>Wrth imi dynnu at ddiwedd fy wythnos gyntaf fel Swyddog Marchnata a Chysylltiadau, rwy\u2019n edrych ymlaen yn arw at weithio ar yr amryw prosiectau cyffrous ynghyd \u00e2 gweithio gyda\u2019r bobl arbennig o fewn yr Ensemble ynghyd \u00e2\u2019u ffrindiau a chysylltiadau. Pwy a\u00a0\u0175yr, falla gaiff yr hen glarined ei chwythu gen i eto! Dwi wir yn edrych ymlaen at gael eich cyfarfod chi yn y dyfodol agos. Byddwch yn siwr o ngweld i yn y cyngherddau coffi dros y tymor- plis dewch i ddweud helo. Cofiwch bod croeso i chi gysylltu \u00e2 mi ar unrhyw adeg drwy ebostio ann&#8217;at&#8217;ensemblecymru.co.uk<\/p>\n<p>(Rhaid cyfnewid &#8216;at&#8217; efo @)<\/p>\n<p><!--:--><\/p>\n","protected":false},"excerpt":{"rendered":"<p>My clarinet may very well have been packed away in its case since my A Level days but I&#8217;m back, not only in Wales, but back working with Ensemble Cymru having been lured by their instrumental ways ten years ago. As one of the \u2018Liverpool Welsh\u2019 (we\u2019re gradually taking over the company!) I moved to&hellip; <a class=\"more-link\" href=\"https:\/\/ensemble.cymru\/cy\/2013\/09\/return-of-the-clarinettist\/\">Parhau i ddarllen <span class=\"screen-reader-text\">Return of the clarinettist! Clarinetydd yn dychwelyd!<\/span><\/a><\/p>\n","protected":false},"author":2,"featured_media":2055,"comment_status":"closed","ping_status":"open","sticky":false,"template":"","format":"standard","meta":{"inline_featured_image":false,"footnotes":""},"categories":[658],"tags":[],"class_list":["post-2042","post","type-post","status-publish","format-standard","has-post-thumbnail","hentry","category-creu-cerddoriaeth","entry"],"yoast_head":"<!-- This site is optimized with the Yoast SEO plugin v27.4 - https:\/\/yoast.com\/product\/yoast-seo-wordpress\/ -->\n<title>Return of the clarinettist! Clarinetydd yn dychwelyd! - Ensemble Cymru<\/title>\n<meta name=\"robots\" content=\"index, follow, max-snippet:-1, max-image-preview:large, max-video-preview:-1\" \/>\n<link rel=\"canonical\" href=\"https:\/\/ensemble.cymru\/cy\/2013\/09\/return-of-the-clarinettist\/\" \/>\n<meta property=\"og:locale\" content=\"en_US\" \/>\n<meta property=\"og:type\" content=\"article\" \/>\n<meta property=\"og:title\" content=\"Return of the clarinettist! Clarinetydd yn dychwelyd! - Ensemble Cymru\" \/>\n<meta property=\"og:description\" content=\"My clarinet may very well have been packed away in its case since my A Level days but I&#8217;m back, not only in Wales, but back working with Ensemble Cymru having been lured by their instrumental ways ten years ago. As one of the \u2018Liverpool Welsh\u2019 (we\u2019re gradually taking over the company!) I moved to&hellip; Parhau i ddarllen Return of the clarinettist! Clarinetydd yn dychwelyd!\" \/>\n<meta property=\"og:url\" content=\"https:\/\/ensemble.cymru\/cy\/2013\/09\/return-of-the-clarinettist\/\" \/>\n<meta property=\"og:site_name\" content=\"Ensemble Cymru\" \/>\n<meta property=\"article:publisher\" content=\"https:\/\/www.facebook.com\/EnsCymru\/\" \/>\n<meta property=\"article:published_time\" content=\"2013-09-20T14:20:30+00:00\" \/>\n<meta property=\"article:modified_time\" content=\"2021-10-19T12:47:56+00:00\" \/>\n<meta name=\"author\" content=\"Peryn Clement-Evans\" \/>\n<meta name=\"twitter:card\" content=\"summary_large_image\" \/>\n<meta name=\"twitter:creator\" content=\"@EnsCymru\" \/>\n<meta name=\"twitter:site\" content=\"@EnsCymru\" \/>\n<meta name=\"twitter:label1\" content=\"Written by\" \/>\n\t<meta name=\"twitter:data1\" content=\"Peryn Clement-Evans\" \/>\n\t<meta name=\"twitter:label2\" content=\"Est. reading time\" \/>\n\t<meta name=\"twitter:data2\" content=\"4 munud\" \/>\n<script type=\"application\/ld+json\" class=\"yoast-schema-graph\">{\"@context\":\"https:\\\/\\\/schema.org\",\"@graph\":[{\"@type\":\"Article\",\"@id\":\"https:\\\/\\\/ensemble.cymru\\\/cy\\\/2013\\\/09\\\/return-of-the-clarinettist\\\/#article\",\"isPartOf\":{\"@id\":\"https:\\\/\\\/ensemble.cymru\\\/cy\\\/2013\\\/09\\\/return-of-the-clarinettist\\\/\"},\"author\":{\"name\":\"Peryn Clement-Evans\",\"@id\":\"https:\\\/\\\/ensemble.cymru\\\/cy\\\/#\\\/schema\\\/person\\\/ed4b2b012becf53af3d660640da73463\"},\"headline\":\"Return of the clarinettist! Clarinetydd yn dychwelyd!\",\"datePublished\":\"2013-09-20T14:20:30+00:00\",\"dateModified\":\"2021-10-19T12:47:56+00:00\",\"mainEntityOfPage\":{\"@id\":\"https:\\\/\\\/ensemble.cymru\\\/cy\\\/2013\\\/09\\\/return-of-the-clarinettist\\\/\"},\"wordCount\":852,\"publisher\":{\"@id\":\"https:\\\/\\\/ensemble.cymru\\\/cy\\\/#organization\"},\"image\":{\"@id\":\"https:\\\/\\\/ensemble.cymru\\\/cy\\\/2013\\\/09\\\/return-of-the-clarinettist\\\/#primaryimage\"},\"thumbnailUrl\":\"\",\"articleSection\":[\"Creu Cerddoriaeth\"],\"inLanguage\":\"cy\"},{\"@type\":\"WebPage\",\"@id\":\"https:\\\/\\\/ensemble.cymru\\\/cy\\\/2013\\\/09\\\/return-of-the-clarinettist\\\/\",\"url\":\"https:\\\/\\\/ensemble.cymru\\\/cy\\\/2013\\\/09\\\/return-of-the-clarinettist\\\/\",\"name\":\"Return of the clarinettist! Clarinetydd yn dychwelyd! - Ensemble Cymru\",\"isPartOf\":{\"@id\":\"https:\\\/\\\/ensemble.cymru\\\/cy\\\/#website\"},\"primaryImageOfPage\":{\"@id\":\"https:\\\/\\\/ensemble.cymru\\\/cy\\\/2013\\\/09\\\/return-of-the-clarinettist\\\/#primaryimage\"},\"image\":{\"@id\":\"https:\\\/\\\/ensemble.cymru\\\/cy\\\/2013\\\/09\\\/return-of-the-clarinettist\\\/#primaryimage\"},\"thumbnailUrl\":\"\",\"datePublished\":\"2013-09-20T14:20:30+00:00\",\"dateModified\":\"2021-10-19T12:47:56+00:00\",\"breadcrumb\":{\"@id\":\"https:\\\/\\\/ensemble.cymru\\\/cy\\\/2013\\\/09\\\/return-of-the-clarinettist\\\/#breadcrumb\"},\"inLanguage\":\"cy\",\"potentialAction\":[{\"@type\":\"ReadAction\",\"target\":[\"https:\\\/\\\/ensemble.cymru\\\/cy\\\/2013\\\/09\\\/return-of-the-clarinettist\\\/\"]}]},{\"@type\":\"ImageObject\",\"inLanguage\":\"cy\",\"@id\":\"https:\\\/\\\/ensemble.cymru\\\/cy\\\/2013\\\/09\\\/return-of-the-clarinettist\\\/#primaryimage\",\"url\":\"\",\"contentUrl\":\"\"},{\"@type\":\"BreadcrumbList\",\"@id\":\"https:\\\/\\\/ensemble.cymru\\\/cy\\\/2013\\\/09\\\/return-of-the-clarinettist\\\/#breadcrumb\",\"itemListElement\":[{\"@type\":\"ListItem\",\"position\":1,\"name\":\"Home\",\"item\":\"https:\\\/\\\/ensemble.cymru\\\/cy\\\/\"},{\"@type\":\"ListItem\",\"position\":2,\"name\":\"Return of the clarinettist! Clarinetydd yn dychwelyd!\"}]},{\"@type\":\"WebSite\",\"@id\":\"https:\\\/\\\/ensemble.cymru\\\/cy\\\/#website\",\"url\":\"https:\\\/\\\/ensemble.cymru\\\/cy\\\/\",\"name\":\"Ensemble Cymru\",\"description\":\"\",\"publisher\":{\"@id\":\"https:\\\/\\\/ensemble.cymru\\\/cy\\\/#organization\"},\"potentialAction\":[{\"@type\":\"SearchAction\",\"target\":{\"@type\":\"EntryPoint\",\"urlTemplate\":\"https:\\\/\\\/ensemble.cymru\\\/cy\\\/?s={search_term_string}\"},\"query-input\":{\"@type\":\"PropertyValueSpecification\",\"valueRequired\":true,\"valueName\":\"search_term_string\"}}],\"inLanguage\":\"cy\"},{\"@type\":\"Organization\",\"@id\":\"https:\\\/\\\/ensemble.cymru\\\/cy\\\/#organization\",\"name\":\"Ensemble Cymru\",\"url\":\"https:\\\/\\\/ensemble.cymru\\\/cy\\\/\",\"logo\":{\"@type\":\"ImageObject\",\"inLanguage\":\"cy\",\"@id\":\"https:\\\/\\\/ensemble.cymru\\\/cy\\\/#\\\/schema\\\/logo\\\/image\\\/\",\"url\":\"https:\\\/\\\/ensemble.cymru\\\/wp-content\\\/uploads\\\/2024\\\/08\\\/2019-09-02EnsembleSquareLogo.png\",\"contentUrl\":\"https:\\\/\\\/ensemble.cymru\\\/wp-content\\\/uploads\\\/2024\\\/08\\\/2019-09-02EnsembleSquareLogo.png\",\"width\":320,\"height\":320,\"caption\":\"Ensemble Cymru\"},\"image\":{\"@id\":\"https:\\\/\\\/ensemble.cymru\\\/cy\\\/#\\\/schema\\\/logo\\\/image\\\/\"},\"sameAs\":[\"https:\\\/\\\/www.facebook.com\\\/EnsCymru\\\/\",\"https:\\\/\\\/x.com\\\/EnsCymru\",\"https:\\\/\\\/www.instagram.com\\\/enscymru\"]},{\"@type\":\"Person\",\"@id\":\"https:\\\/\\\/ensemble.cymru\\\/cy\\\/#\\\/schema\\\/person\\\/ed4b2b012becf53af3d660640da73463\",\"name\":\"Peryn Clement-Evans\",\"url\":\"https:\\\/\\\/ensemble.cymru\\\/cy\\\/author\\\/perynensemblecymru-co-uk\\\/\"}]}<\/script>\n<!-- \/ Yoast SEO plugin. -->","yoast_head_json":{"title":"Return of the clarinettist! Clarinetydd yn dychwelyd! - Ensemble Cymru","robots":{"index":"index","follow":"follow","max-snippet":"max-snippet:-1","max-image-preview":"max-image-preview:large","max-video-preview":"max-video-preview:-1"},"canonical":"https:\/\/ensemble.cymru\/cy\/2013\/09\/return-of-the-clarinettist\/","og_locale":"en_US","og_type":"article","og_title":"Return of the clarinettist! Clarinetydd yn dychwelyd! - Ensemble Cymru","og_description":"My clarinet may very well have been packed away in its case since my A Level days but I&#8217;m back, not only in Wales, but back working with Ensemble Cymru having been lured by their instrumental ways ten years ago. As one of the \u2018Liverpool Welsh\u2019 (we\u2019re gradually taking over the company!) I moved to&hellip; Parhau i ddarllen Return of the clarinettist! Clarinetydd yn dychwelyd!","og_url":"https:\/\/ensemble.cymru\/cy\/2013\/09\/return-of-the-clarinettist\/","og_site_name":"Ensemble Cymru","article_publisher":"https:\/\/www.facebook.com\/EnsCymru\/","article_published_time":"2013-09-20T14:20:30+00:00","article_modified_time":"2021-10-19T12:47:56+00:00","author":"Peryn Clement-Evans","twitter_card":"summary_large_image","twitter_creator":"@EnsCymru","twitter_site":"@EnsCymru","twitter_misc":{"Written by":"Peryn Clement-Evans","Est. reading time":"4 munud"},"schema":{"@context":"https:\/\/schema.org","@graph":[{"@type":"Article","@id":"https:\/\/ensemble.cymru\/cy\/2013\/09\/return-of-the-clarinettist\/#article","isPartOf":{"@id":"https:\/\/ensemble.cymru\/cy\/2013\/09\/return-of-the-clarinettist\/"},"author":{"name":"Peryn Clement-Evans","@id":"https:\/\/ensemble.cymru\/cy\/#\/schema\/person\/ed4b2b012becf53af3d660640da73463"},"headline":"Return of the clarinettist! Clarinetydd yn dychwelyd!","datePublished":"2013-09-20T14:20:30+00:00","dateModified":"2021-10-19T12:47:56+00:00","mainEntityOfPage":{"@id":"https:\/\/ensemble.cymru\/cy\/2013\/09\/return-of-the-clarinettist\/"},"wordCount":852,"publisher":{"@id":"https:\/\/ensemble.cymru\/cy\/#organization"},"image":{"@id":"https:\/\/ensemble.cymru\/cy\/2013\/09\/return-of-the-clarinettist\/#primaryimage"},"thumbnailUrl":"","articleSection":["Creu Cerddoriaeth"],"inLanguage":"cy"},{"@type":"WebPage","@id":"https:\/\/ensemble.cymru\/cy\/2013\/09\/return-of-the-clarinettist\/","url":"https:\/\/ensemble.cymru\/cy\/2013\/09\/return-of-the-clarinettist\/","name":"Return of the clarinettist! Clarinetydd yn dychwelyd! - Ensemble Cymru","isPartOf":{"@id":"https:\/\/ensemble.cymru\/cy\/#website"},"primaryImageOfPage":{"@id":"https:\/\/ensemble.cymru\/cy\/2013\/09\/return-of-the-clarinettist\/#primaryimage"},"image":{"@id":"https:\/\/ensemble.cymru\/cy\/2013\/09\/return-of-the-clarinettist\/#primaryimage"},"thumbnailUrl":"","datePublished":"2013-09-20T14:20:30+00:00","dateModified":"2021-10-19T12:47:56+00:00","breadcrumb":{"@id":"https:\/\/ensemble.cymru\/cy\/2013\/09\/return-of-the-clarinettist\/#breadcrumb"},"inLanguage":"cy","potentialAction":[{"@type":"ReadAction","target":["https:\/\/ensemble.cymru\/cy\/2013\/09\/return-of-the-clarinettist\/"]}]},{"@type":"ImageObject","inLanguage":"cy","@id":"https:\/\/ensemble.cymru\/cy\/2013\/09\/return-of-the-clarinettist\/#primaryimage","url":"","contentUrl":""},{"@type":"BreadcrumbList","@id":"https:\/\/ensemble.cymru\/cy\/2013\/09\/return-of-the-clarinettist\/#breadcrumb","itemListElement":[{"@type":"ListItem","position":1,"name":"Home","item":"https:\/\/ensemble.cymru\/cy\/"},{"@type":"ListItem","position":2,"name":"Return of the clarinettist! Clarinetydd yn dychwelyd!"}]},{"@type":"WebSite","@id":"https:\/\/ensemble.cymru\/cy\/#website","url":"https:\/\/ensemble.cymru\/cy\/","name":"Ensemble Cymru","description":"","publisher":{"@id":"https:\/\/ensemble.cymru\/cy\/#organization"},"potentialAction":[{"@type":"SearchAction","target":{"@type":"EntryPoint","urlTemplate":"https:\/\/ensemble.cymru\/cy\/?s={search_term_string}"},"query-input":{"@type":"PropertyValueSpecification","valueRequired":true,"valueName":"search_term_string"}}],"inLanguage":"cy"},{"@type":"Organization","@id":"https:\/\/ensemble.cymru\/cy\/#organization","name":"Ensemble Cymru","url":"https:\/\/ensemble.cymru\/cy\/","logo":{"@type":"ImageObject","inLanguage":"cy","@id":"https:\/\/ensemble.cymru\/cy\/#\/schema\/logo\/image\/","url":"https:\/\/ensemble.cymru\/wp-content\/uploads\/2024\/08\/2019-09-02EnsembleSquareLogo.png","contentUrl":"https:\/\/ensemble.cymru\/wp-content\/uploads\/2024\/08\/2019-09-02EnsembleSquareLogo.png","width":320,"height":320,"caption":"Ensemble Cymru"},"image":{"@id":"https:\/\/ensemble.cymru\/cy\/#\/schema\/logo\/image\/"},"sameAs":["https:\/\/www.facebook.com\/EnsCymru\/","https:\/\/x.com\/EnsCymru","https:\/\/www.instagram.com\/enscymru"]},{"@type":"Person","@id":"https:\/\/ensemble.cymru\/cy\/#\/schema\/person\/ed4b2b012becf53af3d660640da73463","name":"Peryn Clement-Evans","url":"https:\/\/ensemble.cymru\/cy\/author\/perynensemblecymru-co-uk\/"}]}},"_links":{"self":[{"href":"https:\/\/ensemble.cymru\/cy\/wp-json\/wp\/v2\/posts\/2042","targetHints":{"allow":["GET"]}}],"collection":[{"href":"https:\/\/ensemble.cymru\/cy\/wp-json\/wp\/v2\/posts"}],"about":[{"href":"https:\/\/ensemble.cymru\/cy\/wp-json\/wp\/v2\/types\/post"}],"author":[{"embeddable":true,"href":"https:\/\/ensemble.cymru\/cy\/wp-json\/wp\/v2\/users\/2"}],"replies":[{"embeddable":true,"href":"https:\/\/ensemble.cymru\/cy\/wp-json\/wp\/v2\/comments?post=2042"}],"version-history":[{"count":0,"href":"https:\/\/ensemble.cymru\/cy\/wp-json\/wp\/v2\/posts\/2042\/revisions"}],"wp:featuredmedia":[{"embeddable":true,"href":"https:\/\/ensemble.cymru\/cy\/wp-json\/"}],"wp:attachment":[{"href":"https:\/\/ensemble.cymru\/cy\/wp-json\/wp\/v2\/media?parent=2042"}],"wp:term":[{"taxonomy":"category","embeddable":true,"href":"https:\/\/ensemble.cymru\/cy\/wp-json\/wp\/v2\/categories?post=2042"},{"taxonomy":"post_tag","embeddable":true,"href":"https:\/\/ensemble.cymru\/cy\/wp-json\/wp\/v2\/tags?post=2042"}],"curies":[{"name":"wp","href":"https:\/\/api.w.org\/{rel}","templated":true}]}}