{"id":26872,"date":"2024-11-04T17:12:16","date_gmt":"2024-11-04T17:12:16","guid":{"rendered":"https:\/\/ensemble.cymru\/?p=26872"},"modified":"2024-11-05T10:10:16","modified_gmt":"2024-11-05T10:10:16","slug":"adroddiad-blynyddol-2023-24-ensemble-cymru","status":"publish","type":"post","link":"https:\/\/ensemble.cymru\/cy\/2024\/11\/adroddiad-blynyddol-2023-24-ensemble-cymru\/","title":{"rendered":"Adroddiad Blynyddol 2023-24 Ensemble Cymru"},"content":{"rendered":"\n<p class=\"has-large-font-size\">Dathlu ein llwyddiannau ac adnabod ffordd ymlaen<\/p>\n\n\n\n<p>Mae Ensemble Cymru newydd ryddhau ein Hadroddiad Blynyddol ar gyfer 2023-24. Wrth i\u2019n hymddiriedolwyr fyfyrio ar y llynedd, rydym yn gobeithio y byddwch yn ymuno \u00e2 ni i ddathlu ein cyraeddiadau.  Mae ein hadroddiad blynyddol yn rhoi cyfle i ni rannu ein gweledigaeth gyda chi, ein cefnogwyr.  Dim ond gyda\u2019ch cefnogaeth barhaus chi y byddwn ni\u2019n parhau i gadw cerddoriaeth siambr yn gelfyddyd fyw ledled Cymru.<\/p>\n\n\n\n<p>Gallwch lawr lwytho ein hadroddiad yma: <a href=\"https:\/\/ensemble.cymru\/wp-content\/uploads\/2024\/11\/2024-09-07_AnnualReport_FINAL.pdf\">2024-09-07_AnnualReport_FINAL.pdf<\/a><\/p>\n\n\n\n<p>Gweler rhai o uchafbwyntiau&#8217;r adroddiad.<\/p>\n\n\n\n<h2 class=\"wp-block-heading\">Uchafbwyntiau 2023-24: Dathlu Ein Llwyddiannau<\/h2>\n\n\n\n<h3 class=\"wp-block-heading\">Cyfres Cyngherddau Goleuni&#8217;r Haf yn Neuadd Gregynog, Powys<\/h3>\n\n\n\n<figure class=\"wp-block-image size-large\"><a href=\"https:\/\/ensemble.cymru\/wp-content\/uploads\/2024\/11\/annual-report-2324-summer-lights-1024x408.jpg\"><img loading=\"lazy\" decoding=\"async\" width=\"1024\" height=\"408\" src=\"https:\/\/ensemble.cymru\/wp-content\/uploads\/2024\/11\/annual-report-2324-summer-lights-1024x408.jpg\" alt=\"\" class=\"wp-image-26852\" srcset=\"https:\/\/ensemble.cymru\/wp-content\/uploads\/2024\/11\/annual-report-2324-summer-lights-1024x408.jpg 1024w, https:\/\/ensemble.cymru\/wp-content\/uploads\/2024\/11\/annual-report-2324-summer-lights-300x120.jpg 300w, https:\/\/ensemble.cymru\/wp-content\/uploads\/2024\/11\/annual-report-2324-summer-lights-768x306.jpg 768w, https:\/\/ensemble.cymru\/wp-content\/uploads\/2024\/11\/annual-report-2324-summer-lights.jpg 1200w\" sizes=\"auto, (max-width: 1024px) 100vw, 1024px\" \/><\/a><\/figure>\n\n\n\n<p>Roedd cyfres cyngherddau Goleuni\u2019r Haf Ensemble Cymru yn ychwanegiad braf i galendr yr haf, gan gynnig cyngherddau bore Sadwrn yn neuadd hanesyddol <a href=\"https:\/\/gregynog.org\/\">Gregynog<\/a> ym Mhowys.  Gan weithio ar y cyd ag Ymddiriedolaeth Gregynog a chyda chefnogaeth cyllid Levelling Up a ddosberthir gan Gyngor Powys, roedd y gyfres hon yn arddangos dawn cerddorion Cymreig ac yn cyfoethogi arlwy diwylliannol y rhanbarth.  Roedd y gyfres hon yn rhan o ymrwymiad Ensemble Cymru i wneud cerddoriaeth o safon uchel yn hygyrch i gymunedau lleol.<\/p>\n\n\n\n<h3 class=\"wp-block-heading\">Gloria Vivaldi: Grymuso Lleisiau Ifanc Ynys M\u00f4n<\/h3>\n\n\n\n<figure class=\"wp-block-image size-large\"><a href=\"https:\/\/ensemble.cymru\/wp-content\/uploads\/2024\/11\/annual-report-2324-vivaldi-gloria-1024x391.jpg\"><img loading=\"lazy\" decoding=\"async\" width=\"1024\" height=\"391\" src=\"https:\/\/ensemble.cymru\/wp-content\/uploads\/2024\/11\/annual-report-2324-vivaldi-gloria-1024x391.jpg\" alt=\"\" class=\"wp-image-26854\" srcset=\"https:\/\/ensemble.cymru\/wp-content\/uploads\/2024\/11\/annual-report-2324-vivaldi-gloria-1024x391.jpg 1024w, https:\/\/ensemble.cymru\/wp-content\/uploads\/2024\/11\/annual-report-2324-vivaldi-gloria-300x115.jpg 300w, https:\/\/ensemble.cymru\/wp-content\/uploads\/2024\/11\/annual-report-2324-vivaldi-gloria-768x293.jpg 768w, https:\/\/ensemble.cymru\/wp-content\/uploads\/2024\/11\/annual-report-2324-vivaldi-gloria.jpg 1200w\" sizes=\"auto, (max-width: 1024px) 100vw, 1024px\" \/><\/a><\/figure>\n\n\n\n<p>Llwyddiant nodedig arall oedd ein prosiect Vivaldi Gloria gydag athrawon cerddoriaeth a myfyrwyr o <a href=\"http:\/\/ysgoldavidhughes.org\/index.php\">Ysgol David Hughes<\/a>, gyda chefnogaeth Cyngor Ynys M\u00f4n. Roedd y fenter hon yn cynnwys myfyrwyr ac yn rhoi cyfle iddynt berfformio Gloria gan Vivaldi ochr yn ochr \u00e2 cherddorion proffesiynol o Ensemble Cymru. Cynhaliwyd y perfformiad yng Nghadeirlan Bangor o flaen cynulleidfa lawn.<br><\/p>\n\n\n\n<blockquote class=\"wp-block-quote is-style-plain is-layout-flow wp-block-quote-is-layout-flow\">\n<p style=\"font-style:normal;font-weight:400\"><em>Roeddwn yn y cyfarfod staff bore\u2019ma \u2013 bron i bythefnos wedi\u2019r digwyddiad \u2013 a chael un o\u2019r athrawon yn gofyn pryd mae\u2019r prosiect nesaf. Wythnos diwethaf daeth disgybl ataf a gofyn a gaiff ymuno efo\u2019r c\u00f4r. Roedd dagrau yn llygaid nifer o\u2019r gynulleidfa ar ddiwedd y noson, yn rhieni ac athrawon cynradd ac uwchradd. Mae tonnau o gynnwrf yn dal i symud ar hyd y lle\u2019ma. I mi dyna fesur llwyddiant y prosiect.\u201d<\/em><\/p>\n<cite><strong>Einion Dafydd<\/strong> Pennaeth Cerdd | Ysgol David Hughes <\/cite><\/blockquote>\n\n\n\n<h3 class=\"wp-block-heading\">Macbeth Verdi: Cyflwyno Opera i Gynulleidfaoedd Newydd<\/h3>\n\n\n\n<figure class=\"wp-block-image size-large\"><a href=\"https:\/\/ensemble.cymru\/wp-content\/uploads\/2024\/11\/annual-report-2324-macbeth-1024x374.jpg\"><img loading=\"lazy\" decoding=\"async\" width=\"1024\" height=\"374\" src=\"https:\/\/ensemble.cymru\/wp-content\/uploads\/2024\/11\/annual-report-2324-macbeth-1024x374.jpg\" alt=\"\" class=\"wp-image-26848\" srcset=\"https:\/\/ensemble.cymru\/wp-content\/uploads\/2024\/11\/annual-report-2324-macbeth-1024x374.jpg 1024w, https:\/\/ensemble.cymru\/wp-content\/uploads\/2024\/11\/annual-report-2324-macbeth-300x110.jpg 300w, https:\/\/ensemble.cymru\/wp-content\/uploads\/2024\/11\/annual-report-2324-macbeth-768x280.jpg 768w, https:\/\/ensemble.cymru\/wp-content\/uploads\/2024\/11\/annual-report-2324-macbeth.jpg 1200w\" sizes=\"auto, (max-width: 1024px) 100vw, 1024px\" \/><\/a><\/figure>\n\n\n\n<p>Cyfrannodd cerddorion Ensemble Cymru at y cynhyrchiad teithiol o <em>Macbeth<\/em> gan Verdi. Cafodd y cynhyrchiad ganmoliaeth fawr gan gynnwys adolygiadau gwych yn y wasg gan gynnwys<a href=\"https:\/\/www.theguardian.com\/music\/2024\/mar\/15\/macbeth-review-verdi-mid-opera-wales-ensemble-cymru\"> 4 seren yn y Guardian <\/a>a <a href=\"https:\/\/www.gramophone.co.uk\/opera-now\/review\/article\/verdi-macbeth-at-mid-wales-opera-live-review\">5 seren yn y Gramophone.<\/a> Dros gyfnod o naw perfformiad, gweithiodd yr ensemble ar y cyd ag ein ffrindiau yn <a href=\"https:\/\/www.midwalesopera.co.uk\/\">Mid Wales Opera<\/a> i ddod \u00e2 drama ac angerdd opera Verdi i gynulleidfaoedd ar draws Cymru wledig a rhanbarthau\u2019r gororau, o Aberdaugleddau i\u2019r Wyddgrug. I lawer, dyma oedd cyfle prin i brofi opera yn fyw, gan ddangos ymroddiad Ensemble Cymru i ehangu mynediad i berfformiadau diwylliannol mewn cymunedau nad yw\u2019n derbyn cynyrchiadau gan gwmn\u00efau teithiol mwy.<\/p>\n\n\n\n<blockquote class=\"wp-block-quote is-layout-flow wp-block-quote-is-layout-flow\">\n<p style=\"font-style:normal;font-weight:400\"> <em>This show is full of imagination and intelligent use of limited resources. A surprisingly large cast of singers thanks to the names principals supplemented by a community choir, and the Ensemble Cymru players fearlessly conducted by music director Jonathan Lyness, gave a reading of the Scottish play that would grace any touring stage\u201d&nbsp;<\/em><\/p>\n<cite><strong><a href=\"https:\/\/operascene.co.uk\/reviews\/macbeth-mid-wales-opera\/\">OperaScene.co.uk<\/a><\/strong>&nbsp;(Gwanwyn 2024)<\/cite><\/blockquote>\n\n\n\n<h2 class=\"wp-block-heading\">Llywio Heriau: Gweledigaeth Newydd ar gyfer dyfodol Ensemble Cymru<\/h2>\n\n\n\n<h3 class=\"wp-block-heading\">Adolygiad buddsoddi Cyngor Celfyddydau Cymru<\/h3>\n\n\n\n<p>Nid oedd y llynedd heb ei heriau. Yn nodedig, gwrthodwyd ein cais i <a href=\"https:\/\/arts.wales\/investment-review\">Adolygiad Buddsoddi<\/a> Cyngor Celfyddydau Cymru.<\/p>\n\n\n\n<p>Cafodd cyllid ein partner strategol, Opera Canolbarth Cymru, ei ddiddymu.  O ganlyniad, mae wedi cael effaith mawr ar y sylfaen o gefnogaeth rydym ni wedi dibynnu arno a\u2019r gwaith artistig uchelgeisiol y gallwn ei ddarparu ar gyfer cerddorion siambr trwy gydol y flwyddyn. Ergyd annisgwyl i&#8217;r ddau sefydliad oedd hwn.<\/p>\n\n\n\n<h3 class=\"wp-block-heading\">Cyfle i ail-feddwl&#8230;<\/h3>\n\n\n\n<p>Fel ymddiriedolwyr Ensemble Cymru, rydym wedi gorfod adolygu strategaeth yr elusen er mwyn sicrhau ei chynaliadwyedd yn y dyfodol. Oherwydd haelioni di-ffael y llu o unigolion sy\u2019n credu ynom ni a\u2019n cenhadaeth rydym wedi cael yr adnoddau i fanteisio ar y cyfle i arloesi, esblygu ac adnabod ffynonellau eraill o adnoddau.<\/p>\n\n\n\n<h3 class=\"wp-block-heading\">Cymorth i symud ymlaen<\/h3>\n\n\n\n<p>Rydym hefyd mor ddiolchgar i ymddiriedolwyr Ymddiriedolaeth Gaynor Cemlyn Jones sydd wedi gwneud addewid o \u00a35,000 a fydd yn ein galluogi i hyrwyddo ymgyrch rhoddion rheolaidd 12 mis \u2013 Ystafell Gerdd 125 yn yr hydref. Rydym hefyd yn hynod ddiolchgar am gefnogaeth hael gan <a href=\"https:\/\/garfieldweston.org\/\">Sefydliad Garfield Weston<\/a> tuag at gostau craidd yr elusen a chefnogaeth gan <a href=\"https:\/\/daviescharity.org.uk\/\">Elusen Davies<\/a> tuag at gyfres gyngherddau Ensemble Cymru yng Ngregynog a Chonwy.<\/p>\n\n\n\n<h3 class=\"wp-block-heading\">Gwaddol llawn gobaith a llawenydd<\/h3>\n\n\n\n<p>Mae\u2019r Elusen hefyd wedi cael gwybod ei bod yn un o ddeg elusen gerddorol sydd wedi\u2019u henwi fel buddiolwyr ewyllys y diweddar Mrs Lois Miller.<\/p>\n\n\n\n<figure class=\"wp-block-image size-large\"><a href=\"https:\/\/ensemble.cymru\/wp-content\/uploads\/2024\/11\/annual-report-2324-mrs-lois-millar-1024x783.jpg\"><img loading=\"lazy\" decoding=\"async\" width=\"1024\" height=\"783\" src=\"https:\/\/ensemble.cymru\/wp-content\/uploads\/2024\/11\/annual-report-2324-mrs-lois-millar-1024x783.jpg\" alt=\"\" class=\"wp-image-26850\" srcset=\"https:\/\/ensemble.cymru\/wp-content\/uploads\/2024\/11\/annual-report-2324-mrs-lois-millar-1024x783.jpg 1024w, https:\/\/ensemble.cymru\/wp-content\/uploads\/2024\/11\/annual-report-2324-mrs-lois-millar-300x230.jpg 300w, https:\/\/ensemble.cymru\/wp-content\/uploads\/2024\/11\/annual-report-2324-mrs-lois-millar-768x588.jpg 768w, https:\/\/ensemble.cymru\/wp-content\/uploads\/2024\/11\/annual-report-2324-mrs-lois-millar.jpg 1030w\" sizes=\"auto, (max-width: 1024px) 100vw, 1024px\" \/><\/a><\/figure>\n\n\n\n<p>Roedd Mrs. Miller a\u2019i diweddar \u0175r yn gefnogwyr ac yn aelodau o gynulleidfa cyfres gyngherddau Ensemble Cymru yn Venue Cymru. Roedd yn ddrwg gennym glywed am ei marwolaeth ac mae\u2019n golygu llawer i ni i gael ein cofio yn ei hewyllys.<\/p>\n\n\n\n<p>Rydym wedi ymrwymo i sicrhau bod ei hetifeddiaeth yn un o obaith a llawenydd drwy gerddoriaeth siambr glasurol i gynulleidfaoedd o bob oed yng ngogledd a chanolbarth Cymru.<\/p>\n\n\n\n<h2 class=\"wp-block-heading\">Edrych ymlaen: Cynlluniau ar gyfer y Dyfodol ar gyfer 2024-25 a thu hwnt<\/h2>\n\n\n\n<p>Mae gan y flwyddyn i ddod bosibiliadau cyffrous wrth i Ensemble Cymru adnewyddu ei ymrwymiad i gymunedau, cynulleidfaoedd, pobl ifanc a phlant drwy berfformiadau o gerddoriaeth siambr.<\/p>\n\n\n\n<p>Mae\u2019r Ymddiriedolwyr wedi penderfynu lansio rhaglen newydd o weithgareddau yn hydref 2024 fydd yn canolbwyntio ar siroedd Conwy a Gregynog. Bydd y gweithgareddau hyn yn rhoi blaenoriaeth i gyfres o gyngherddau cerddoriaeth siambr, academi cerddoriaeth siambr ar gyfer cerddorion newydd a cherddorion amser hamdden a chymorth i bobl ifanc sy&#8217;n astudio cerddoriaeth mewn addysg uwchradd.<\/p>\n\n\n\n<p>Mae ymddiriedolwyr yn cydnabod effaith yr hinsawdd economaidd ar gerddoriaeth glasurol yng Nghymru a&#8217;r celfyddydau yn gyffredinol. Bydd yr elusen yn parhau \u00e2\u2019i hymrwymiad i ddarparu cyfleoedd proffesiynol artistig uchelgeisiol i gerddorion a chyfansoddwyr clasurol Cymru a gobaith ar gyfer cenedlaethau\u2019r dyfodol o gynulleidfaoedd, cerddorion a chyfansoddwyr yng Nghymru.<\/p>\n\n\n\n<p>Yn ystod 2024-2025, bydd yr Elusen yn\u2026<\/p>\n\n\n\n<ul class=\"wp-block-list\">\n<li><strong>Gyfres Gyngherddau flynyddol<\/strong><br>Gan adeiladu ar lwyddiant Goleuadau\u2019r Haf, mae Ensemble Cymru yn falch iawn o gyhoeddi cyfres o gyngherddau 10 mis yn Neuadd Gregynog, Powys ac yn <a href=\"https:\/\/caruconwy.com\/\">Eglwys Santes Fair<\/a>, Conwy ar y cyd \u00e2 <a href=\"https:\/\/www.conwyclassicalmusic.co.uk\/\">G\u0175yl Gerdd Conwy<\/a>. Bydd y perfformiadau hyn yn gwahodd cynulleidfaoedd i ymgysylltu\u2019n ddwfn ag ystod o repertoire dros dymor estynedig, gan ddod ag ymwelwyr newydd a rhai sy\u2019n dychwelyd i <a href=\"https:\/\/gregynog.org\/\">Neuadd Gregynog<\/a> a Eglwys Santes Fair yng Nghonwy am eiliadau o ysbrydoliaeth a darganfyddiad cerddorol.<\/li>\n\n\n\n<li><strong>Rhaglen Aelodaeth Newydd<\/strong><br>Cyn bo hir bydd ein sefydliad yn lansio rhaglen aelodaeth, wedi\u2019i ddylunio i gynnig buddion anghynhwysol a dod \u00e2\u2019n cymuned yn nes at galon cenhadaeth Ensemble Cymru. Trwy\u2019r fenter hon, bydd aelodau\u2019n cael y cyfle i gefnogi ein gwaith yn uniongyrchol, cael mynediad at brofiadau cerddorol unigryw, a mwynhau digwyddiadau arbennig. Rydyn ni\u2019n gyffrous i adeiladu rhwydwaith o gefnogwyr sy\u2019n rhannu ein gweledigaeth a\u2019n cariad at gerddoriaeth Gymreig a cherddoriaeth siambr fyw ledled Cymru.<\/li>\n\n\n\n<li><strong>Ymgysylltiad Cymunedol ac Ysgolion<\/strong><br>Gydag ymrwymiad o\u2019r newydd i ymgysylltu ag ysgolion a chymunedau, rydym yn archwilio cyfleoedd i ddod \u00e2 llawenydd cerddoriaeth fyw i leoliadau newydd. Bydd y ffocws hwn ar allgymorth yn ein helpu i gyrraedd mwy o bobl ifanc a all, yn debyg i ddisgyblion Ysgol David Hughes, arbrofi p\u0175er trawsnewidiol cerddoriaeth yn uniongyrchol. Rydym hefyd wedi ymrwymo i gefnogi athrawon ac arweinwyr cymunedol i ymgorffori cerddoriaeth yn eu cwricwlwm a\u2019u digwyddiadau, gyda\u2019r gobaith o ysbrydoli\u2019r genhedlaeth nesaf o gerddorion.<\/li>\n<\/ul>\n\n\n\n<h2 class=\"wp-block-heading\">Diolchgarwch: Diolch i&#8217;n Cefnogwyr a&#8217;n Partneriai<\/h2>\n\n\n\n<p>Mae cyflawniadau Ensemble Cymru yn destament i rym cydweithio a chefnogaeth gymunedol. Wrth i ni edrych ymlaen, mae ein cenhadaeth yn parhau\u2019n glir: dod \u00e2 harddwch cerddoriaeth Gymraeg i bob cornel o Gymru, rhannu p\u0175er trawsnewidiol cerddoriaeth a meithrin cysylltiadau parhaol \u00e2\u2019n cynulleidfaoedd, gan greu cyfleoedd i greu cerddoriaeth i bob cymuned.<\/p>\n\n\n\n<p>Dymuna&#8217;r Bwrdd gydnabod haelioni rhyfeddol pawb sy&#8217;n parhau i gefnogi ein cenhadaeth. Rydych chi&#8217;n ein galluogi i gyfoethogi bywydau a chefnogi dyheadau perfformwyr, cyfansoddwyr a rheolwyr celfyddydau boed yn egin neu yn sefydledig. Mae eich cefnogaeth ddiwyro a chynyddol yn ein galluogi i gynllunio gyda mwy o hyder. Dyma anadl einioes yr elusen.<\/p>\n\n\n\n<p>Hoffai\u2019r Ymddiriedolwyr dalu teyrnged i\u2019r llu o unigolion fel Cyfeillion Ensemble Cymru sydd, trwy roi yn rheolaidd, yn darparu cefnogaeth anhunanol a hael trwy gydol y flwyddyn.<\/p>\n\n\n\n<p>Diolch yn fawr iawn!<\/p>\n\n\n\n<p>Gallwch lawrlwytho&#8217;r adroddiad yma: <a href=\"https:\/\/ensemble.cymru\/wp-content\/uploads\/2024\/11\/2024-09-07_AnnualReport_FINAL.pdf\">2024-09-07_AnnualReport_FINAL.pdf<\/a><\/p>\n\n\n\n<div class=\"wp-block-group has-white-background-color has-background\" style=\"padding-top:var(--wp--preset--spacing--30);padding-right:var(--wp--preset--spacing--30);padding-bottom:var(--wp--preset--spacing--30);padding-left:var(--wp--preset--spacing--30)\"><div class=\"wp-block-group__inner-container is-layout-constrained wp-container-core-group-is-layout-651e6f64 wp-block-group-is-layout-constrained\">\n<figure class=\"wp-block-gallery has-nested-images columns-default is-cropped wp-block-gallery-1 is-layout-flex wp-block-gallery-is-layout-flex\" style=\"padding-right:0;padding-left:0\">\n<figure class=\"wp-block-image alignwide size-large\"><a href=\"https:\/\/ensemble.cymru\/wp-content\/uploads\/2024\/11\/Cefnogwyr-1024x213.jpg\"><img loading=\"lazy\" decoding=\"async\" width=\"1024\" height=\"213\" data-id=\"26883\" src=\"https:\/\/ensemble.cymru\/wp-content\/uploads\/2024\/11\/Cefnogwyr-1024x213.jpg\" alt=\"\" class=\"wp-image-26883\" srcset=\"https:\/\/ensemble.cymru\/wp-content\/uploads\/2024\/11\/Cefnogwyr-1024x213.jpg 1024w, https:\/\/ensemble.cymru\/wp-content\/uploads\/2024\/11\/Cefnogwyr-300x63.jpg 300w, https:\/\/ensemble.cymru\/wp-content\/uploads\/2024\/11\/Cefnogwyr-768x160.jpg 768w, https:\/\/ensemble.cymru\/wp-content\/uploads\/2024\/11\/Cefnogwyr.jpg 1200w\" sizes=\"auto, (max-width: 1024px) 100vw, 1024px\" \/><\/a><\/figure>\n<\/figure>\n<\/div><\/div>\n","protected":false},"excerpt":{"rendered":"<p>Adroddiad blynyddol Ensemble Cymru 2023-24 a gweledigaeth o&#8217;r ffordd ymlaen<\/p>\n","protected":false},"author":2,"featured_media":26860,"comment_status":"closed","ping_status":"open","sticky":false,"template":"","format":"standard","meta":{"inline_featured_image":false,"footnotes":""},"categories":[9],"tags":[711],"class_list":["post-26872","post","type-post","status-publish","format-standard","has-post-thumbnail","hentry","category-newyddion","tag-opera-canolbarth-cymru","entry"],"yoast_head":"<!-- This site is optimized with the Yoast SEO plugin v27.5 - https:\/\/yoast.com\/product\/yoast-seo-wordpress\/ -->\n<title>Adroddiad Blynyddol 2023-24 Ensemble Cymru - Ensemble Cymru<\/title>\n<meta name=\"robots\" content=\"index, follow, max-snippet:-1, max-image-preview:large, max-video-preview:-1\" \/>\n<link rel=\"canonical\" href=\"https:\/\/ensemble.cymru\/cy\/2024\/11\/adroddiad-blynyddol-2023-24-ensemble-cymru\/\" \/>\n<meta property=\"og:locale\" content=\"en_US\" \/>\n<meta property=\"og:type\" content=\"article\" \/>\n<meta property=\"og:title\" content=\"Adroddiad Blynyddol 2023-24 Ensemble Cymru - Ensemble Cymru\" \/>\n<meta property=\"og:description\" content=\"Adroddiad blynyddol Ensemble Cymru 2023-24 a gweledigaeth o&#039;r ffordd ymlaen\" \/>\n<meta property=\"og:url\" content=\"https:\/\/ensemble.cymru\/cy\/2024\/11\/adroddiad-blynyddol-2023-24-ensemble-cymru\/\" \/>\n<meta property=\"og:site_name\" content=\"Ensemble Cymru\" \/>\n<meta property=\"article:publisher\" content=\"https:\/\/www.facebook.com\/EnsCymru\/\" \/>\n<meta property=\"article:published_time\" content=\"2024-11-04T17:12:16+00:00\" \/>\n<meta property=\"article:modified_time\" content=\"2024-11-05T10:10:16+00:00\" \/>\n<meta property=\"og:image\" content=\"https:\/\/ensemble.cymru\/wp-content\/uploads\/2024\/11\/annual-report-2324-macbeth-cast-and-ensemble3.jpg\" \/>\n\t<meta property=\"og:image:width\" content=\"1280\" \/>\n\t<meta property=\"og:image:height\" content=\"960\" \/>\n\t<meta property=\"og:image:type\" content=\"image\/jpeg\" \/>\n<meta name=\"author\" content=\"Peryn Clement-Evans\" \/>\n<meta name=\"twitter:card\" content=\"summary_large_image\" \/>\n<meta name=\"twitter:creator\" content=\"@EnsCymru\" \/>\n<meta name=\"twitter:site\" content=\"@EnsCymru\" \/>\n<meta name=\"twitter:label1\" content=\"Written by\" \/>\n\t<meta name=\"twitter:data1\" content=\"Peryn Clement-Evans\" \/>\n\t<meta name=\"twitter:label2\" content=\"Est. reading time\" \/>\n\t<meta name=\"twitter:data2\" content=\"7 munud\" \/>\n<script type=\"application\/ld+json\" class=\"yoast-schema-graph\">{\"@context\":\"https:\\\/\\\/schema.org\",\"@graph\":[{\"@type\":\"Article\",\"@id\":\"https:\\\/\\\/ensemble.cymru\\\/cy\\\/2024\\\/11\\\/adroddiad-blynyddol-2023-24-ensemble-cymru\\\/#article\",\"isPartOf\":{\"@id\":\"https:\\\/\\\/ensemble.cymru\\\/cy\\\/2024\\\/11\\\/adroddiad-blynyddol-2023-24-ensemble-cymru\\\/\"},\"author\":{\"name\":\"Peryn Clement-Evans\",\"@id\":\"https:\\\/\\\/ensemble.cymru\\\/cy\\\/#\\\/schema\\\/person\\\/ed4b2b012becf53af3d660640da73463\"},\"headline\":\"Adroddiad Blynyddol 2023-24 Ensemble Cymru\",\"datePublished\":\"2024-11-04T17:12:16+00:00\",\"dateModified\":\"2024-11-05T10:10:16+00:00\",\"mainEntityOfPage\":{\"@id\":\"https:\\\/\\\/ensemble.cymru\\\/cy\\\/2024\\\/11\\\/adroddiad-blynyddol-2023-24-ensemble-cymru\\\/\"},\"wordCount\":1397,\"publisher\":{\"@id\":\"https:\\\/\\\/ensemble.cymru\\\/cy\\\/#organization\"},\"image\":{\"@id\":\"https:\\\/\\\/ensemble.cymru\\\/cy\\\/2024\\\/11\\\/adroddiad-blynyddol-2023-24-ensemble-cymru\\\/#primaryimage\"},\"thumbnailUrl\":\"https:\\\/\\\/ensemble.cymru\\\/wp-content\\\/uploads\\\/2024\\\/11\\\/annual-report-2324-macbeth-cast-and-ensemble3.jpg\",\"keywords\":[\"Opera Canolbarth Cymru\"],\"articleSection\":[\"Newyddion\"],\"inLanguage\":\"cy\"},{\"@type\":\"WebPage\",\"@id\":\"https:\\\/\\\/ensemble.cymru\\\/cy\\\/2024\\\/11\\\/adroddiad-blynyddol-2023-24-ensemble-cymru\\\/\",\"url\":\"https:\\\/\\\/ensemble.cymru\\\/cy\\\/2024\\\/11\\\/adroddiad-blynyddol-2023-24-ensemble-cymru\\\/\",\"name\":\"Adroddiad Blynyddol 2023-24 Ensemble Cymru - Ensemble Cymru\",\"isPartOf\":{\"@id\":\"https:\\\/\\\/ensemble.cymru\\\/cy\\\/#website\"},\"primaryImageOfPage\":{\"@id\":\"https:\\\/\\\/ensemble.cymru\\\/cy\\\/2024\\\/11\\\/adroddiad-blynyddol-2023-24-ensemble-cymru\\\/#primaryimage\"},\"image\":{\"@id\":\"https:\\\/\\\/ensemble.cymru\\\/cy\\\/2024\\\/11\\\/adroddiad-blynyddol-2023-24-ensemble-cymru\\\/#primaryimage\"},\"thumbnailUrl\":\"https:\\\/\\\/ensemble.cymru\\\/wp-content\\\/uploads\\\/2024\\\/11\\\/annual-report-2324-macbeth-cast-and-ensemble3.jpg\",\"datePublished\":\"2024-11-04T17:12:16+00:00\",\"dateModified\":\"2024-11-05T10:10:16+00:00\",\"breadcrumb\":{\"@id\":\"https:\\\/\\\/ensemble.cymru\\\/cy\\\/2024\\\/11\\\/adroddiad-blynyddol-2023-24-ensemble-cymru\\\/#breadcrumb\"},\"inLanguage\":\"cy\",\"potentialAction\":[{\"@type\":\"ReadAction\",\"target\":[\"https:\\\/\\\/ensemble.cymru\\\/cy\\\/2024\\\/11\\\/adroddiad-blynyddol-2023-24-ensemble-cymru\\\/\"]}]},{\"@type\":\"ImageObject\",\"inLanguage\":\"cy\",\"@id\":\"https:\\\/\\\/ensemble.cymru\\\/cy\\\/2024\\\/11\\\/adroddiad-blynyddol-2023-24-ensemble-cymru\\\/#primaryimage\",\"url\":\"https:\\\/\\\/ensemble.cymru\\\/wp-content\\\/uploads\\\/2024\\\/11\\\/annual-report-2324-macbeth-cast-and-ensemble3.jpg\",\"contentUrl\":\"https:\\\/\\\/ensemble.cymru\\\/wp-content\\\/uploads\\\/2024\\\/11\\\/annual-report-2324-macbeth-cast-and-ensemble3.jpg\",\"width\":1280,\"height\":960},{\"@type\":\"BreadcrumbList\",\"@id\":\"https:\\\/\\\/ensemble.cymru\\\/cy\\\/2024\\\/11\\\/adroddiad-blynyddol-2023-24-ensemble-cymru\\\/#breadcrumb\",\"itemListElement\":[{\"@type\":\"ListItem\",\"position\":1,\"name\":\"Home\",\"item\":\"https:\\\/\\\/ensemble.cymru\\\/cy\\\/\"},{\"@type\":\"ListItem\",\"position\":2,\"name\":\"Adroddiad Blynyddol 2023-24 Ensemble Cymru\"}]},{\"@type\":\"WebSite\",\"@id\":\"https:\\\/\\\/ensemble.cymru\\\/cy\\\/#website\",\"url\":\"https:\\\/\\\/ensemble.cymru\\\/cy\\\/\",\"name\":\"Ensemble Cymru\",\"description\":\"\",\"publisher\":{\"@id\":\"https:\\\/\\\/ensemble.cymru\\\/cy\\\/#organization\"},\"potentialAction\":[{\"@type\":\"SearchAction\",\"target\":{\"@type\":\"EntryPoint\",\"urlTemplate\":\"https:\\\/\\\/ensemble.cymru\\\/cy\\\/?s={search_term_string}\"},\"query-input\":{\"@type\":\"PropertyValueSpecification\",\"valueRequired\":true,\"valueName\":\"search_term_string\"}}],\"inLanguage\":\"cy\"},{\"@type\":\"Organization\",\"@id\":\"https:\\\/\\\/ensemble.cymru\\\/cy\\\/#organization\",\"name\":\"Ensemble Cymru\",\"url\":\"https:\\\/\\\/ensemble.cymru\\\/cy\\\/\",\"logo\":{\"@type\":\"ImageObject\",\"inLanguage\":\"cy\",\"@id\":\"https:\\\/\\\/ensemble.cymru\\\/cy\\\/#\\\/schema\\\/logo\\\/image\\\/\",\"url\":\"https:\\\/\\\/ensemble.cymru\\\/wp-content\\\/uploads\\\/2024\\\/08\\\/2019-09-02EnsembleSquareLogo.png\",\"contentUrl\":\"https:\\\/\\\/ensemble.cymru\\\/wp-content\\\/uploads\\\/2024\\\/08\\\/2019-09-02EnsembleSquareLogo.png\",\"width\":320,\"height\":320,\"caption\":\"Ensemble Cymru\"},\"image\":{\"@id\":\"https:\\\/\\\/ensemble.cymru\\\/cy\\\/#\\\/schema\\\/logo\\\/image\\\/\"},\"sameAs\":[\"https:\\\/\\\/www.facebook.com\\\/EnsCymru\\\/\",\"https:\\\/\\\/x.com\\\/EnsCymru\",\"https:\\\/\\\/www.instagram.com\\\/enscymru\"]},{\"@type\":\"Person\",\"@id\":\"https:\\\/\\\/ensemble.cymru\\\/cy\\\/#\\\/schema\\\/person\\\/ed4b2b012becf53af3d660640da73463\",\"name\":\"Peryn Clement-Evans\",\"url\":\"https:\\\/\\\/ensemble.cymru\\\/cy\\\/author\\\/perynensemblecymru-co-uk\\\/\"}]}<\/script>\n<!-- \/ Yoast SEO plugin. -->","yoast_head_json":{"title":"Adroddiad Blynyddol 2023-24 Ensemble Cymru - Ensemble Cymru","robots":{"index":"index","follow":"follow","max-snippet":"max-snippet:-1","max-image-preview":"max-image-preview:large","max-video-preview":"max-video-preview:-1"},"canonical":"https:\/\/ensemble.cymru\/cy\/2024\/11\/adroddiad-blynyddol-2023-24-ensemble-cymru\/","og_locale":"en_US","og_type":"article","og_title":"Adroddiad Blynyddol 2023-24 Ensemble Cymru - Ensemble Cymru","og_description":"Adroddiad blynyddol Ensemble Cymru 2023-24 a gweledigaeth o'r ffordd ymlaen","og_url":"https:\/\/ensemble.cymru\/cy\/2024\/11\/adroddiad-blynyddol-2023-24-ensemble-cymru\/","og_site_name":"Ensemble Cymru","article_publisher":"https:\/\/www.facebook.com\/EnsCymru\/","article_published_time":"2024-11-04T17:12:16+00:00","article_modified_time":"2024-11-05T10:10:16+00:00","og_image":[{"width":1280,"height":960,"url":"https:\/\/ensemble.cymru\/wp-content\/uploads\/2024\/11\/annual-report-2324-macbeth-cast-and-ensemble3.jpg","type":"image\/jpeg"}],"author":"Peryn Clement-Evans","twitter_card":"summary_large_image","twitter_creator":"@EnsCymru","twitter_site":"@EnsCymru","twitter_misc":{"Written by":"Peryn Clement-Evans","Est. reading time":"7 munud"},"schema":{"@context":"https:\/\/schema.org","@graph":[{"@type":"Article","@id":"https:\/\/ensemble.cymru\/cy\/2024\/11\/adroddiad-blynyddol-2023-24-ensemble-cymru\/#article","isPartOf":{"@id":"https:\/\/ensemble.cymru\/cy\/2024\/11\/adroddiad-blynyddol-2023-24-ensemble-cymru\/"},"author":{"name":"Peryn Clement-Evans","@id":"https:\/\/ensemble.cymru\/cy\/#\/schema\/person\/ed4b2b012becf53af3d660640da73463"},"headline":"Adroddiad Blynyddol 2023-24 Ensemble Cymru","datePublished":"2024-11-04T17:12:16+00:00","dateModified":"2024-11-05T10:10:16+00:00","mainEntityOfPage":{"@id":"https:\/\/ensemble.cymru\/cy\/2024\/11\/adroddiad-blynyddol-2023-24-ensemble-cymru\/"},"wordCount":1397,"publisher":{"@id":"https:\/\/ensemble.cymru\/cy\/#organization"},"image":{"@id":"https:\/\/ensemble.cymru\/cy\/2024\/11\/adroddiad-blynyddol-2023-24-ensemble-cymru\/#primaryimage"},"thumbnailUrl":"https:\/\/ensemble.cymru\/wp-content\/uploads\/2024\/11\/annual-report-2324-macbeth-cast-and-ensemble3.jpg","keywords":["Opera Canolbarth Cymru"],"articleSection":["Newyddion"],"inLanguage":"cy"},{"@type":"WebPage","@id":"https:\/\/ensemble.cymru\/cy\/2024\/11\/adroddiad-blynyddol-2023-24-ensemble-cymru\/","url":"https:\/\/ensemble.cymru\/cy\/2024\/11\/adroddiad-blynyddol-2023-24-ensemble-cymru\/","name":"Adroddiad Blynyddol 2023-24 Ensemble Cymru - Ensemble Cymru","isPartOf":{"@id":"https:\/\/ensemble.cymru\/cy\/#website"},"primaryImageOfPage":{"@id":"https:\/\/ensemble.cymru\/cy\/2024\/11\/adroddiad-blynyddol-2023-24-ensemble-cymru\/#primaryimage"},"image":{"@id":"https:\/\/ensemble.cymru\/cy\/2024\/11\/adroddiad-blynyddol-2023-24-ensemble-cymru\/#primaryimage"},"thumbnailUrl":"https:\/\/ensemble.cymru\/wp-content\/uploads\/2024\/11\/annual-report-2324-macbeth-cast-and-ensemble3.jpg","datePublished":"2024-11-04T17:12:16+00:00","dateModified":"2024-11-05T10:10:16+00:00","breadcrumb":{"@id":"https:\/\/ensemble.cymru\/cy\/2024\/11\/adroddiad-blynyddol-2023-24-ensemble-cymru\/#breadcrumb"},"inLanguage":"cy","potentialAction":[{"@type":"ReadAction","target":["https:\/\/ensemble.cymru\/cy\/2024\/11\/adroddiad-blynyddol-2023-24-ensemble-cymru\/"]}]},{"@type":"ImageObject","inLanguage":"cy","@id":"https:\/\/ensemble.cymru\/cy\/2024\/11\/adroddiad-blynyddol-2023-24-ensemble-cymru\/#primaryimage","url":"https:\/\/ensemble.cymru\/wp-content\/uploads\/2024\/11\/annual-report-2324-macbeth-cast-and-ensemble3.jpg","contentUrl":"https:\/\/ensemble.cymru\/wp-content\/uploads\/2024\/11\/annual-report-2324-macbeth-cast-and-ensemble3.jpg","width":1280,"height":960},{"@type":"BreadcrumbList","@id":"https:\/\/ensemble.cymru\/cy\/2024\/11\/adroddiad-blynyddol-2023-24-ensemble-cymru\/#breadcrumb","itemListElement":[{"@type":"ListItem","position":1,"name":"Home","item":"https:\/\/ensemble.cymru\/cy\/"},{"@type":"ListItem","position":2,"name":"Adroddiad Blynyddol 2023-24 Ensemble Cymru"}]},{"@type":"WebSite","@id":"https:\/\/ensemble.cymru\/cy\/#website","url":"https:\/\/ensemble.cymru\/cy\/","name":"Ensemble Cymru","description":"","publisher":{"@id":"https:\/\/ensemble.cymru\/cy\/#organization"},"potentialAction":[{"@type":"SearchAction","target":{"@type":"EntryPoint","urlTemplate":"https:\/\/ensemble.cymru\/cy\/?s={search_term_string}"},"query-input":{"@type":"PropertyValueSpecification","valueRequired":true,"valueName":"search_term_string"}}],"inLanguage":"cy"},{"@type":"Organization","@id":"https:\/\/ensemble.cymru\/cy\/#organization","name":"Ensemble Cymru","url":"https:\/\/ensemble.cymru\/cy\/","logo":{"@type":"ImageObject","inLanguage":"cy","@id":"https:\/\/ensemble.cymru\/cy\/#\/schema\/logo\/image\/","url":"https:\/\/ensemble.cymru\/wp-content\/uploads\/2024\/08\/2019-09-02EnsembleSquareLogo.png","contentUrl":"https:\/\/ensemble.cymru\/wp-content\/uploads\/2024\/08\/2019-09-02EnsembleSquareLogo.png","width":320,"height":320,"caption":"Ensemble Cymru"},"image":{"@id":"https:\/\/ensemble.cymru\/cy\/#\/schema\/logo\/image\/"},"sameAs":["https:\/\/www.facebook.com\/EnsCymru\/","https:\/\/x.com\/EnsCymru","https:\/\/www.instagram.com\/enscymru"]},{"@type":"Person","@id":"https:\/\/ensemble.cymru\/cy\/#\/schema\/person\/ed4b2b012becf53af3d660640da73463","name":"Peryn Clement-Evans","url":"https:\/\/ensemble.cymru\/cy\/author\/perynensemblecymru-co-uk\/"}]}},"_links":{"self":[{"href":"https:\/\/ensemble.cymru\/cy\/wp-json\/wp\/v2\/posts\/26872","targetHints":{"allow":["GET"]}}],"collection":[{"href":"https:\/\/ensemble.cymru\/cy\/wp-json\/wp\/v2\/posts"}],"about":[{"href":"https:\/\/ensemble.cymru\/cy\/wp-json\/wp\/v2\/types\/post"}],"author":[{"embeddable":true,"href":"https:\/\/ensemble.cymru\/cy\/wp-json\/wp\/v2\/users\/2"}],"replies":[{"embeddable":true,"href":"https:\/\/ensemble.cymru\/cy\/wp-json\/wp\/v2\/comments?post=26872"}],"version-history":[{"count":7,"href":"https:\/\/ensemble.cymru\/cy\/wp-json\/wp\/v2\/posts\/26872\/revisions"}],"predecessor-version":[{"id":26890,"href":"https:\/\/ensemble.cymru\/cy\/wp-json\/wp\/v2\/posts\/26872\/revisions\/26890"}],"wp:featuredmedia":[{"embeddable":true,"href":"https:\/\/ensemble.cymru\/cy\/wp-json\/wp\/v2\/media\/26860"}],"wp:attachment":[{"href":"https:\/\/ensemble.cymru\/cy\/wp-json\/wp\/v2\/media?parent=26872"}],"wp:term":[{"taxonomy":"category","embeddable":true,"href":"https:\/\/ensemble.cymru\/cy\/wp-json\/wp\/v2\/categories?post=26872"},{"taxonomy":"post_tag","embeddable":true,"href":"https:\/\/ensemble.cymru\/cy\/wp-json\/wp\/v2\/tags?post=26872"}],"curies":[{"name":"wp","href":"https:\/\/api.w.org\/{rel}","templated":true}]}}